{"id":17885,"date":"2026-09-01T14:55:56","date_gmt":"2026-09-01T18:55:56","guid":{"rendered":"https:\/\/www.can-rca.ca\/2026\/09\/01\/statcan-rend-hommage-a-son-personnel-lors-de-la-43-ceremonie-annuelle-de-remise-des-prix-dexcellence\/"},"modified":"2026-09-01T15:08:36","modified_gmt":"2026-09-01T19:08:36","slug":"statcan-rend-hommage-a-son-personnel-lors-de-la-43-ceremonie-annuelle-de-remise-des-prix-dexcellence","status":"publish","type":"post","link":"https:\/\/www.can-rca.ca\/fr\/2026\/09\/01\/statcan-rend-hommage-a-son-personnel-lors-de-la-43-ceremonie-annuelle-de-remise-des-prix-dexcellence\/","title":{"rendered":"StatCan rend hommage \u00e0 son personnel lors de la 43 C\u00e9r\u00e9monie annuelle de remise des prix d\u2019excellence"},"content":{"rendered":"\t\t<div data-elementor-type=\"wp-post\" data-elementor-id=\"17885\" class=\"elementor elementor-17885 elementor-17880\" data-elementor-post-type=\"post\">\n\t\t\t\t<div class=\"elementor-element elementor-element-39f317c e-flex e-con-boxed e-con e-parent\" data-id=\"39f317c\" data-element_type=\"container\" data-e-type=\"container\">\n\t\t\t\t\t<div class=\"e-con-inner\">\n\t\t\t\t<div class=\"elementor-element elementor-element-0aecd56 elementor-widget elementor-widget-text-editor\" data-id=\"0aecd56\" data-element_type=\"widget\" data-e-type=\"widget\" data-widget_type=\"text-editor.default\">\n\t\t\t\t<div class=\"elementor-widget-container\">\n\t\t\t\t\t\t\t\t\t<h3>Statistique Canada a r\u00e9cemment c\u00e9l\u00e9br\u00e9 les r\u00e9alisations exceptionnelles de son personnel \u00e0 l\u2019occasion de la 43e c\u00e9r\u00e9monie annuelle des Prix d\u2019excellence, qui souligne le d\u00e9vouement, l\u2019innovation et la contribution au service public de personnes et d\u2019\u00e9quipes tout au long de l\u2019ann\u00e9e 2025.<\/h3>\n<p><\/p>\n<h3>Parmi les personnes honor\u00e9es cette ann\u00e9e figurait Tony Labillois. Tony a \u00e9t\u00e9 champion des personnes en situation de handicap pendant plus de 22 ans et joue un important r\u00f4le de leadership au sein du R\u00e9seau canadien d\u2019accessibilit\u00e9 (RCA) depuis 2020, notamment \u00e0 titre de pr\u00e9sident du conseil consultatif du RCA et de vice-pr\u00e9sident du conseil de direction. Au cours de sa carri\u00e8re, il a \u00e9galement apport\u00e9 une contribution d\u00e9terminante \u00e0 la modernisation de plusieurs programmes statistiques cl\u00e9s de Statistique Canada.<\/h3>\n\t\t\t\t\t\t\t\t<\/div>\n\t\t\t\t<\/div>\n\t\t\t\t<div class=\"elementor-element elementor-element-a836ec9 elementor-widget elementor-widget-spacer\" data-id=\"a836ec9\" data-element_type=\"widget\" data-e-type=\"widget\" data-widget_type=\"spacer.default\">\n\t\t\t\t<div class=\"elementor-widget-container\">\n\t\t\t\t\t\t\t<div class=\"elementor-spacer\">\n\t\t\t<div class=\"elementor-spacer-inner\"><\/div>\n\t\t<\/div>\n\t\t\t\t\t\t<\/div>\n\t\t\t\t<\/div>\n\t\t\t\t<div class=\"elementor-element elementor-element-ab037f1 elementor-align-center elementor-mobile-align-center elementor-widget elementor-widget-button\" data-id=\"ab037f1\" data-element_type=\"widget\" data-e-type=\"widget\" data-widget_type=\"button.default\">\n\t\t\t\t<div class=\"elementor-widget-container\">\n\t\t\t\t\t\t\t\t\t<div class=\"elementor-button-wrapper\">\n\t\t\t\t\t<a class=\"elementor-button elementor-button-link elementor-size-sm\" href=\"https:\/\/www.can-rca.ca\/wp-content\/uploads\/2026\/09\/@StatCan-StatCan-celebrates-employees-at-43rd-Annual-Awards-of-Excellence-EN-FR.pdf\">\n\t\t\t\t\t\t<span class=\"elementor-button-content-wrapper\">\n\t\t\t\t\t\t\t\t\t<span class=\"elementor-button-text\">Consultez l\u2019article!<\/span>\n\t\t\t\t\t<\/span>\n\t\t\t\t\t<\/a>\n\t\t\t\t<\/div>\n\t\t\t\t\t\t\t\t<\/div>\n\t\t\t\t<\/div>\n\t\t\t\t\t<\/div>\n\t\t\t\t<\/div>\n\t\t\t\t<\/div>\n\t\t","protected":false},"excerpt":{"rendered":"<p>Statistique Canada a r\u00e9cemment c\u00e9l\u00e9br\u00e9 les r\u00e9alisations exceptionnelles de son personnel \u00e0 l\u2019occasion de la 43e c\u00e9r\u00e9monie annuelle des Prix d\u2019excellence, qui souligne le d\u00e9vouement, l\u2019innovation et la contribution au&hellip; <a class=\"more-link\" href=\"https:\/\/www.can-rca.ca\/fr\/2026\/09\/01\/statcan-rend-hommage-a-son-personnel-lors-de-la-43-ceremonie-annuelle-de-remise-des-prix-dexcellence\/\">Poursuivre la lecture <span class=\"screen-reader-text\">StatCan rend hommage \u00e0 son personnel lors de la 43 C\u00e9r\u00e9monie annuelle de remise des prix d\u2019excellence<\/span><\/a><\/p>\n","protected":false},"author":8,"featured_media":17879,"comment_status":"closed","ping_status":"closed","sticky":false,"template":"","format":"standard","meta":{"footnotes":""},"categories":[5],"tags":[],"class_list":["post-17885","post","type-post","status-publish","format-standard","has-post-thumbnail","hentry","category-news","entry"],"_links":{"self":[{"href":"https:\/\/www.can-rca.ca\/fr\/wp-json\/wp\/v2\/posts\/17885","targetHints":{"allow":["GET"]}}],"collection":[{"href":"https:\/\/www.can-rca.ca\/fr\/wp-json\/wp\/v2\/posts"}],"about":[{"href":"https:\/\/www.can-rca.ca\/fr\/wp-json\/wp\/v2\/types\/post"}],"author":[{"embeddable":true,"href":"https:\/\/www.can-rca.ca\/fr\/wp-json\/wp\/v2\/users\/8"}],"replies":[{"embeddable":true,"href":"https:\/\/www.can-rca.ca\/fr\/wp-json\/wp\/v2\/comments?post=17885"}],"version-history":[{"count":3,"href":"https:\/\/www.can-rca.ca\/fr\/wp-json\/wp\/v2\/posts\/17885\/revisions"}],"predecessor-version":[{"id":17891,"href":"https:\/\/www.can-rca.ca\/fr\/wp-json\/wp\/v2\/posts\/17885\/revisions\/17891"}],"wp:featuredmedia":[{"embeddable":true,"href":"https:\/\/www.can-rca.ca\/fr\/wp-json\/wp\/v2\/media\/17879"}],"wp:attachment":[{"href":"https:\/\/www.can-rca.ca\/fr\/wp-json\/wp\/v2\/media?parent=17885"}],"wp:term":[{"taxonomy":"category","embeddable":true,"href":"https:\/\/www.can-rca.ca\/fr\/wp-json\/wp\/v2\/categories?post=17885"},{"taxonomy":"post_tag","embeddable":true,"href":"https:\/\/www.can-rca.ca\/fr\/wp-json\/wp\/v2\/tags?post=17885"}],"curies":[{"name":"wp","href":"https:\/\/api.w.org\/{rel}","templated":true}]}}